{"id":7847,"date":"2024-09-22T07:03:28","date_gmt":"2024-09-22T04:03:28","guid":{"rendered":"http:\/\/onurakdenizsmp.com\/?p=7847"},"modified":"2024-09-22T07:18:33","modified_gmt":"2024-09-22T04:18:33","slug":"nicht-geeignete-personen-fur-die-haarmikropigmentierung","status":"publish","type":"post","link":"https:\/\/onurakdenizsmp.com\/de\/nicht-geeignete-personen-fur-die-haarmikropigmentierung\/","title":{"rendered":"Nicht geeignete Personen f\u00fcr die Haarmikropigmentierung"},"content":{"rendered":"\n<h1 class=\"wp-block-heading\">Nicht geeignete Personen f\u00fcr die Haarmikropigmentierung<\/h1>\n\n\n\n<h2 class=\"wp-block-heading\">Wer kann keine Kopfhaut-Mikropigmentierung durchf\u00fchren lassen?<\/h2>\n\n\n\n<p><strong>Nicht geeignete Personen f\u00fcr die Haarmikropigmentierung<\/strong> &#8211; Die Kopfhaut-Mikropigmentierung (SMP) ist eine beliebte L\u00f6sung f\u00fcr Menschen, die unter Haarausfall leiden, aber nicht jeder ist ein idealer Kandidat f\u00fcr dieses Verfahren. Bestimmte medizinische Bedingungen oder Umst\u00e4nde k\u00f6nnen die Kopfhaut-Mikropigmentierung unsicher oder ineffektiv machen. In diesem Beitrag besprechen wir die h\u00e4ufigsten medizinischen Bedingungen, die eine Kopfhaut-Mikropigmentierung verhindern, und warum es in diesen speziellen F\u00e4llen wichtig ist, die Behandlung zu vermeiden.<\/p>\n\n\n\n<figure class=\"wp-block-image aligncenter size-full\"><img loading=\"lazy\" decoding=\"async\" width=\"512\" height=\"512\" src=\"http:\/\/onurakdenizsmp.com\/wp-content\/uploads\/2024\/09\/Die-Haarmikropigmentierung-kann-bei-Personen-mit-Albinismus-moglicherweise-nicht-die-gewunschten-Ergebnisse-erzielen.png\" alt=\"Die Haarmikropigmentierung kann bei Personen mit Albinismus mo\u0308glicherweise nicht die gewu\u0308nschten Ergebnisse erzielen\" class=\"wp-image-7907\" title=\"\" srcset=\"https:\/\/onurakdenizsmp.com\/wp-content\/uploads\/2024\/09\/Die-Haarmikropigmentierung-kann-bei-Personen-mit-Albinismus-moglicherweise-nicht-die-gewunschten-Ergebnisse-erzielen.png 512w, https:\/\/onurakdenizsmp.com\/wp-content\/uploads\/2024\/09\/Die-Haarmikropigmentierung-kann-bei-Personen-mit-Albinismus-moglicherweise-nicht-die-gewunschten-Ergebnisse-erzielen-300x300.png 300w, https:\/\/onurakdenizsmp.com\/wp-content\/uploads\/2024\/09\/Die-Haarmikropigmentierung-kann-bei-Personen-mit-Albinismus-moglicherweise-nicht-die-gewunschten-Ergebnisse-erzielen-150x150.png 150w\" sizes=\"auto, (max-width: 512px) 100vw, 512px\" \/><figcaption class=\"wp-element-caption\">Die Haarmikropigmentierung kann bei Personen mit Albinismus mo\u0308glicherweise nicht die gewu\u0308nschten Ergebnisse erzielen.<\/figcaption><\/figure>\n\n\n\n<h3 class=\"wp-block-heading\">1. Seborrhoische Dermatitis<\/h3>\n\n\n\n<p>Die seborrhoische Dermatitis ist eine chronische Hauterkrankung, die zu R\u00f6tungen, Schuppenbildung und Juckreiz auf der Kopfhaut f\u00fchrt. Die Kopfhaut-Mikropigmentierung kann diese Erkrankung verschlimmern, da die bei dem Verfahren verwendeten Pigmente die bereits entz\u00fcndete Haut reizen und zu weiteren Beschwerden und einer Verschlimmerung der Symptome f\u00fchren k\u00f6nnen.<\/p>\n\n\n\n<h3 class=\"wp-block-heading\">2. Psoriasis<\/h3>\n\n\n\n<p>Psoriasis ist eine weitere chronische Hautkrankheit, die zur Bildung dicker, schuppiger Hautstellen f\u00fchrt. Bei Personen mit Psoriasis kann die Kopfhaut-Mikropigmentierung Sch\u00fcbe ausl\u00f6sen oder bestehende Symptome verschlimmern, insbesondere wenn die Pigmente die bereits empfindliche Hautbarriere st\u00f6ren. Au\u00dferdem besteht ein h\u00f6heres Infektionsrisiko bei Psoriasis-Patienten.<\/p>\n\n\n\n<h3 class=\"wp-block-heading\">3. Ekzem<\/h3>\n\n\n\n<p>Ekzem-Betroffene leiden unter trockener, juckender und entz\u00fcndeter Haut. Die Mikropigmentierung kann die Haut weiter reizen und einen Ekzem-Schub ausl\u00f6sen. F\u00fcr diese Personen kann die Heilung nach der Kopfhaut-Mikropigmentierung schwieriger sein, und die Pigmente setzen sich m\u00f6glicherweise nicht gleichm\u00e4\u00dfig aufgrund der gesch\u00e4digten Haut ab.<\/p>\n\n\n\n<figure class=\"wp-block-image aligncenter size-full\"><img loading=\"lazy\" decoding=\"async\" width=\"512\" height=\"512\" src=\"http:\/\/onurakdenizsmp.com\/wp-content\/uploads\/2024\/09\/Die-in-der-Prozedur-verwendeten-Pigmente-konnen-die-durch-Seborrhoisches-Ekzem-bereits-entzundete-Haut-reizen.png\" alt=\"Die in der Prozedur verwendeten Pigmente ko\u0308nnen die durch Seborrhoisches Ekzem bereits entzu\u0308ndete Haut reizen\" class=\"wp-image-7908\" title=\"\" srcset=\"https:\/\/onurakdenizsmp.com\/wp-content\/uploads\/2024\/09\/Die-in-der-Prozedur-verwendeten-Pigmente-konnen-die-durch-Seborrhoisches-Ekzem-bereits-entzundete-Haut-reizen.png 512w, https:\/\/onurakdenizsmp.com\/wp-content\/uploads\/2024\/09\/Die-in-der-Prozedur-verwendeten-Pigmente-konnen-die-durch-Seborrhoisches-Ekzem-bereits-entzundete-Haut-reizen-300x300.png 300w, https:\/\/onurakdenizsmp.com\/wp-content\/uploads\/2024\/09\/Die-in-der-Prozedur-verwendeten-Pigmente-konnen-die-durch-Seborrhoisches-Ekzem-bereits-entzundete-Haut-reizen-150x150.png 150w\" sizes=\"auto, (max-width: 512px) 100vw, 512px\" \/><figcaption class=\"wp-element-caption\">Die in der Prozedur verwendeten Pigmente ko\u0308nnen die durch Seborrhoisches Ekzem bereits entzu\u0308ndete Haut reizen.<\/figcaption><\/figure>\n\n\n\n<h3 class=\"wp-block-heading\">4. Krebspatienten in Behandlung<\/h3>\n\n\n\n<p>Personen, die sich einer Chemotherapie oder Strahlentherapie unterziehen, haben ein geschw\u00e4chtes Immunsystem. Die Kopfhaut-Mikropigmentierung wird w\u00e4hrend der Krebsbehandlung nicht empfohlen, da der K\u00f6rper m\u00f6glicherweise nicht richtig heilt und ein erh\u00f6htes Infektionsrisiko besteht. Dar\u00fcber hinaus kann die empfindliche Haut durch die Behandlung zu Komplikationen w\u00e4hrend des Verfahrens f\u00fchren.<\/p>\n\n\n\n<h3 class=\"wp-block-heading\">5. Albinismus<\/h3>\n\n\n\n<p>Albinismus ist eine genetische Erkrankung, die durch einen Mangel an Pigmenten in der Haut und den Haaren gekennzeichnet ist. Da die Kopfhaut-Mikropigmentierung die Implantation von Pigmenten beinhaltet, kann sie bei Personen mit Albinismus nicht die gew\u00fcnschten Ergebnisse liefern. Der fehlende Kontrast zwischen der Kopfhaut und den Pigmenten kann zu einem unnat\u00fcrlichen Aussehen f\u00fchren, was die SMP zu einer ungeeigneten Option macht.<\/p>\n\n\n\n<h3 class=\"wp-block-heading\">6. Vitiligo<\/h3>\n\n\n\n<p>Vitiligo ist eine Erkrankung, bei der die Haut ihr Pigment verliert und helle Hautstellen entstehen. Die Kopfhaut-Mikropigmentierung kann bei Menschen mit Vitiligo m\u00f6glicherweise nicht effektiv wirken, da das Verfahren zu einer ungleichm\u00e4\u00dfigen Pigmentierung f\u00fchren kann, insbesondere in Bereichen, in denen die Haut depigmentiert ist. Das Ergebnis kann unvorhersehbar sein, was die Methode f\u00fcr Menschen mit dieser Erkrankung ungeeignet macht.<\/p>\n\n\n\n<h3 class=\"wp-block-heading\">7. Schwangere und stillende Frauen<\/h3>\n\n\n\n<p>W\u00e4hrend der Schwangerschaft und Stillzeit durchl\u00e4uft der K\u00f6rper einer Frau bedeutende Ver\u00e4nderungen. Aufgrund hormoneller Schwankungen und der erh\u00f6hten Empfindlichkeit des K\u00f6rpers wird die Kopfhaut-Mikropigmentierung w\u00e4hrend der Schwangerschaft oder Stillzeit nicht empfohlen. Das Risiko von Infektionen, allergischen Reaktionen und anderen Komplikationen ist in dieser Zeit h\u00f6her, und es ist am besten, bis nach dem Ende der Stillzeit zu warten, bevor man eine SMP in Betracht zieht.<\/p>\n\n\n\n<figure class=\"wp-block-image aligncenter size-full\"><img loading=\"lazy\" decoding=\"async\" width=\"512\" height=\"512\" src=\"http:\/\/onurakdenizsmp.com\/wp-content\/uploads\/2024\/09\/Die-Haarmikropigmentierung-wird-wahrend-der-Schwangerschaft-oder-Stillzeit-nicht-empfohlen.png\" alt=\"Die Haarmikropigmentierung wird wa\u0308hrend der Schwangerschaft oder Stillzeit nicht empfohlen\" class=\"wp-image-7909\" title=\"\" srcset=\"https:\/\/onurakdenizsmp.com\/wp-content\/uploads\/2024\/09\/Die-Haarmikropigmentierung-wird-wahrend-der-Schwangerschaft-oder-Stillzeit-nicht-empfohlen.png 512w, https:\/\/onurakdenizsmp.com\/wp-content\/uploads\/2024\/09\/Die-Haarmikropigmentierung-wird-wahrend-der-Schwangerschaft-oder-Stillzeit-nicht-empfohlen-300x300.png 300w, https:\/\/onurakdenizsmp.com\/wp-content\/uploads\/2024\/09\/Die-Haarmikropigmentierung-wird-wahrend-der-Schwangerschaft-oder-Stillzeit-nicht-empfohlen-150x150.png 150w\" sizes=\"auto, (max-width: 512px) 100vw, 512px\" \/><figcaption class=\"wp-element-caption\">Die Haarmikropigmentierung wird wa\u0308hrend der Schwangerschaft oder Stillzeit nicht empfohlen.<\/figcaption><\/figure>\n\n\n\n<h2 class=\"wp-block-heading\">Fazit<\/h2>\n\n\n\n<p>Die Kopfhaut-Mikropigmentierung ist eine wirksame Behandlung gegen Haarausfall, aber es ist wichtig zu verstehen, dass nicht jeder ein geeigneter Kandidat ist. Wenn Sie eine der oben genannten Bedingungen haben, ist es wichtig, vor der \u00dcberlegung zur SMP einen Arzt zu konsultieren. Ihre Gesundheit und Sicherheit sollten immer an erster Stelle stehen, und es gibt m\u00f6glicherweise alternative Behandlungen, die besser f\u00fcr Ihre spezifische Situation geeignet sind.<\/p>\n\n\n\n<p>Wenn Sie unsicher sind, ob Sie f\u00fcr eine Kopfhaut-Mikropigmentierung geeignet sind, z\u00f6gern Sie nicht, einen qualifizierten SMP-Praktiker oder Ihren Dermatologen f\u00fcr eine individuelle Beratung zu konsultieren.<\/p>\n","protected":false},"excerpt":{"rendered":"<p>Nicht geeignete Personen f\u00fcr die Haarmikropigmentierung Wer kann keine Kopfhaut-Mikropigmentierung durchf\u00fchren lassen? Nicht geeignete Personen f\u00fcr die Haarmikropigmentierung &#8211; Die Kopfhaut-Mikropigmentierung (SMP) ist eine beliebte L\u00f6sung f\u00fcr Menschen, die unter Haarausfall leiden, aber nicht jeder ist ein idealer Kandidat f\u00fcr dieses Verfahren. Bestimmte medizinische Bedingungen oder Umst\u00e4nde k\u00f6nnen die Kopfhaut-Mikropigmentierung unsicher oder ineffektiv machen. In&#8230;<\/p>\n","protected":false},"author":1,"featured_media":7905,"comment_status":"closed","ping_status":"closed","sticky":false,"template":"","format":"standard","meta":{"_kad_blocks_custom_css":"","_kad_blocks_head_custom_js":"","_kad_blocks_body_custom_js":"","_kad_blocks_footer_custom_js":"","_kad_post_transparent":"disable","_kad_post_title":"","_kad_post_layout":"","_kad_post_sidebar_id":"","_kad_post_content_style":"","_kad_post_vertical_padding":"","_kad_post_feature":"","_kad_post_feature_position":"","_kad_post_header":false,"_kad_post_footer":false,"_kad_post_classname":"","footnotes":""},"categories":[214],"tags":[92,248,249,93,124,250],"class_list":["post-7847","post","type-post","status-publish","format-standard","has-post-thumbnail","hentry","category-kandidaten","tag-haarmikropigmentierung","tag-kandidaten-fuer-die-haarmikropigmentierung","tag-kandidaten-fuer-die-mikropigmentierung","tag-kopfhautmikropigmentierung","tag-mikropigmentierung","tag-smp-kandidaten"],"taxonomy_info":{"category":[{"value":214,"label":"Kandidaten"}],"post_tag":[{"value":92,"label":"Haarmikropigmentierung"},{"value":248,"label":"Kandidaten f\u00fcr die Haarmikropigmentierung"},{"value":249,"label":"Kandidaten f\u00fcr die Mikropigmentierung"},{"value":93,"label":"Kopfhautmikropigmentierung"},{"value":124,"label":"Mikropigmentierung"},{"value":250,"label":"SMP-Kandidaten"}]},"featured_image_src_large":["https:\/\/onurakdenizsmp.com\/wp-content\/uploads\/2024\/09\/Das-Titelbild-des-Artikels-22Nicht-geeignete-Personen-fur-die-Haarmikropigmentierung22-von-Onur-Akdeniz-SMP-1024x536.png",1024,536,true],"author_info":{"display_name":"Onur Akdeniz","author_link":"https:\/\/onurakdenizsmp.com\/de\/author\/ghaith-mzayekgmail-com\/"},"comment_info":0,"category_info":[{"term_id":214,"name":"Kandidaten","slug":"kandidaten","term_group":0,"term_taxonomy_id":214,"taxonomy":"category","description":"","parent":0,"count":2,"filter":"raw","cat_ID":214,"category_count":2,"category_description":"","cat_name":"Kandidaten","category_nicename":"kandidaten","category_parent":0}],"tag_info":[{"term_id":92,"name":"Haarmikropigmentierung","slug":"haarmikropigmentierung","term_group":0,"term_taxonomy_id":92,"taxonomy":"post_tag","description":"","parent":0,"count":13,"filter":"raw"},{"term_id":248,"name":"Kandidaten f\u00fcr die Haarmikropigmentierung","slug":"kandidaten-fuer-die-haarmikropigmentierung","term_group":0,"term_taxonomy_id":248,"taxonomy":"post_tag","description":"","parent":0,"count":1,"filter":"raw"},{"term_id":249,"name":"Kandidaten f\u00fcr die Mikropigmentierung","slug":"kandidaten-fuer-die-mikropigmentierung","term_group":0,"term_taxonomy_id":249,"taxonomy":"post_tag","description":"","parent":0,"count":1,"filter":"raw"},{"term_id":93,"name":"Kopfhautmikropigmentierung","slug":"kopfhautmikropigmentierung","term_group":0,"term_taxonomy_id":93,"taxonomy":"post_tag","description":"","parent":0,"count":14,"filter":"raw"},{"term_id":124,"name":"Mikropigmentierung","slug":"mikropigmentierung","term_group":0,"term_taxonomy_id":124,"taxonomy":"post_tag","description":"","parent":0,"count":14,"filter":"raw"},{"term_id":250,"name":"SMP-Kandidaten","slug":"smp-kandidaten","term_group":0,"term_taxonomy_id":250,"taxonomy":"post_tag","description":"","parent":0,"count":1,"filter":"raw"}],"_links":{"self":[{"href":"https:\/\/onurakdenizsmp.com\/de\/wp-json\/wp\/v2\/posts\/7847","targetHints":{"allow":["GET"]}}],"collection":[{"href":"https:\/\/onurakdenizsmp.com\/de\/wp-json\/wp\/v2\/posts"}],"about":[{"href":"https:\/\/onurakdenizsmp.com\/de\/wp-json\/wp\/v2\/types\/post"}],"author":[{"embeddable":true,"href":"https:\/\/onurakdenizsmp.com\/de\/wp-json\/wp\/v2\/users\/1"}],"replies":[{"embeddable":true,"href":"https:\/\/onurakdenizsmp.com\/de\/wp-json\/wp\/v2\/comments?post=7847"}],"version-history":[{"count":0,"href":"https:\/\/onurakdenizsmp.com\/de\/wp-json\/wp\/v2\/posts\/7847\/revisions"}],"wp:featuredmedia":[{"embeddable":true,"href":"https:\/\/onurakdenizsmp.com\/de\/wp-json\/wp\/v2\/media\/7905"}],"wp:attachment":[{"href":"https:\/\/onurakdenizsmp.com\/de\/wp-json\/wp\/v2\/media?parent=7847"}],"wp:term":[{"taxonomy":"category","embeddable":true,"href":"https:\/\/onurakdenizsmp.com\/de\/wp-json\/wp\/v2\/categories?post=7847"},{"taxonomy":"post_tag","embeddable":true,"href":"https:\/\/onurakdenizsmp.com\/de\/wp-json\/wp\/v2\/tags?post=7847"}],"curies":[{"name":"wp","href":"https:\/\/api.w.org\/{rel}","templated":true}]}}