{"id":7843,"date":"2024-09-22T07:08:42","date_gmt":"2024-09-22T04:08:42","guid":{"rendered":"http:\/\/onurakdenizsmp.com\/?p=7843"},"modified":"2024-09-22T07:20:44","modified_gmt":"2024-09-22T04:20:44","slug":"persone-non-idonee-per-la-micropigmentazione-dei-capelli","status":"publish","type":"post","link":"https:\/\/onurakdenizsmp.com\/it\/persone-non-idonee-per-la-micropigmentazione-dei-capelli\/","title":{"rendered":"Persone non idonee per la Micropigmentazione dei Capelli"},"content":{"rendered":"\n<h1 class=\"wp-block-heading\">Persone non idonee per la Micropigmentazione dei Capelli<\/h1>\n\n\n\n<h2 class=\"wp-block-heading\">Chi non pu\u00f2 sottoporsi alla Micropigmentazione del Cuoio Capelluto?<\/h2>\n\n\n\n<p><strong>Persone non idonee per la Micropigmentazione dei Capelli<\/strong> &#8211; La Micropigmentazione del Cuoio Capelluto (SMP) \u00e8 una soluzione popolare per le persone che soffrono di perdita di capelli, ma non tutti sono candidati ideali per questa procedura. Alcune condizioni mediche o circostanze possono rendere la Micropigmentazione del Cuoio Capelluto pericolosa o inefficace. In questo articolo, discuteremo le condizioni mediche pi\u00f9 comuni che impediscono agli individui di sottoporsi alla micropigmentazione del cuoio capelluto e perch\u00e9 \u00e8 essenziale evitare il trattamento in questi casi specifici.<\/p>\n\n\n\n<figure class=\"wp-block-image aligncenter size-full\"><img loading=\"lazy\" decoding=\"async\" width=\"512\" height=\"512\" src=\"http:\/\/onurakdenizsmp.com\/wp-content\/uploads\/2024\/09\/La-micropigmentazione-dei-capelli-potrebbe-non-dare-i-risultati-desiderati-per-le-persone-con-albinismo.png\" alt=\"La micropigmentazione dei capelli potrebbe non dare i risultati desiderati per le persone con albinismo\" class=\"wp-image-7916\" title=\"\" srcset=\"https:\/\/onurakdenizsmp.com\/wp-content\/uploads\/2024\/09\/La-micropigmentazione-dei-capelli-potrebbe-non-dare-i-risultati-desiderati-per-le-persone-con-albinismo.png 512w, https:\/\/onurakdenizsmp.com\/wp-content\/uploads\/2024\/09\/La-micropigmentazione-dei-capelli-potrebbe-non-dare-i-risultati-desiderati-per-le-persone-con-albinismo-300x300.png 300w, https:\/\/onurakdenizsmp.com\/wp-content\/uploads\/2024\/09\/La-micropigmentazione-dei-capelli-potrebbe-non-dare-i-risultati-desiderati-per-le-persone-con-albinismo-150x150.png 150w\" sizes=\"auto, (max-width: 512px) 100vw, 512px\" \/><figcaption class=\"wp-element-caption\">La micropigmentazione dei capelli potrebbe non dare i risultati desiderati per le persone con albinismo.<\/figcaption><\/figure>\n\n\n\n<h3 class=\"wp-block-heading\">1. Dermatite Seborroica<\/h3>\n\n\n\n<p>La dermatite seborroica \u00e8 una condizione cronica della pelle che provoca rossore, desquamazione e prurito del cuoio capelluto. La Micropigmentazione del Cuoio Capelluto pu\u00f2 aggravare questa condizione perch\u00e9 i pigmenti utilizzati nella procedura possono irritare la pelle gi\u00e0 infiammata, portando a un maggiore disagio e a un peggioramento dei sintomi.<\/p>\n\n\n\n<h3 class=\"wp-block-heading\">2. Psoriasi<\/h3>\n\n\n\n<p>La psoriasi \u00e8 un&#8217;altra malattia cronica della pelle che provoca la formazione di placche spesse e squamose. Per le persone affette da psoriasi, la Micropigmentazione del Cuoio Capelluto pu\u00f2 scatenare riacutizzazioni o peggiorare i sintomi esistenti, soprattutto se i pigmenti compromettono una barriera cutanea gi\u00e0 sensibile. Inoltre, il rischio di infezione \u00e8 pi\u00f9 elevato nei pazienti con psoriasi.<\/p>\n\n\n\n<h3 class=\"wp-block-heading\">3. Eczema<\/h3>\n\n\n\n<p>Le persone affette da eczema sperimentano pelle secca, prurito e infiammazione. La Micropigmentazione del Cuoio Capelluto pu\u00f2 irritare la pelle, provocando un peggioramento dell&#8217;eczema. Per questi individui, la guarigione dopo la Micropigmentazione pu\u00f2 essere pi\u00f9 difficile e i pigmenti potrebbero non fissarsi in modo uniforme a causa della pelle compromessa.<\/p>\n\n\n\n<figure class=\"wp-block-image aligncenter size-full\"><img loading=\"lazy\" decoding=\"async\" width=\"512\" height=\"512\" src=\"http:\/\/onurakdenizsmp.com\/wp-content\/uploads\/2024\/09\/I-pigmenti-utilizzati-nella-procedura-possono-irritare-la-pelle-gia-infiammata-a-causa-della-dermatite-seborroica.png\" alt=\"I pigmenti utilizzati nella procedura possono irritare la pelle gia\u0300 infiammata a causa della dermatite seborroica\" class=\"wp-image-7917\" title=\"\" srcset=\"https:\/\/onurakdenizsmp.com\/wp-content\/uploads\/2024\/09\/I-pigmenti-utilizzati-nella-procedura-possono-irritare-la-pelle-gia-infiammata-a-causa-della-dermatite-seborroica.png 512w, https:\/\/onurakdenizsmp.com\/wp-content\/uploads\/2024\/09\/I-pigmenti-utilizzati-nella-procedura-possono-irritare-la-pelle-gia-infiammata-a-causa-della-dermatite-seborroica-300x300.png 300w, https:\/\/onurakdenizsmp.com\/wp-content\/uploads\/2024\/09\/I-pigmenti-utilizzati-nella-procedura-possono-irritare-la-pelle-gia-infiammata-a-causa-della-dermatite-seborroica-150x150.png 150w\" sizes=\"auto, (max-width: 512px) 100vw, 512px\" \/><figcaption class=\"wp-element-caption\">I pigmenti utilizzati nella procedura possono irritare la pelle gia\u0300 infiammata a causa della dermatite seborroica.<\/figcaption><\/figure>\n\n\n\n<h3 class=\"wp-block-heading\">4. Pazienti in trattamento oncologico<\/h3>\n\n\n\n<p>Le persone sottoposte a chemioterapia o radioterapia hanno un sistema immunitario compromesso. La Micropigmentazione del Cuoio Capelluto non \u00e8 raccomandata durante i trattamenti oncologici, poich\u00e9 il corpo potrebbe non guarire correttamente e c&#8217;\u00e8 un rischio maggiore di infezione. Inoltre, la natura sensibile della pelle a causa del trattamento pu\u00f2 causare complicazioni durante la procedura.<\/p>\n\n\n\n<h3 class=\"wp-block-heading\">5. Albinismo<\/h3>\n\n\n\n<p>L&#8217;albinismo \u00e8 una condizione genetica caratterizzata da una mancanza di pigmento nella pelle e nei capelli. Poich\u00e9 la Micropigmentazione del Cuoio Capelluto comporta l&#8217;impianto di pigmenti, potrebbe non produrre i risultati desiderati per le persone affette da albinismo. La mancanza di contrasto tra il cuoio capelluto e i pigmenti potrebbe portare a un aspetto innaturale, rendendo la Micropigmentazione del Cuoio Capelluto un&#8217;opzione inadeguata.<\/p>\n\n\n\n<h3 class=\"wp-block-heading\">6. Vitiligine<\/h3>\n\n\n\n<p>La vitiligine \u00e8 una condizione in cui la pelle perde il suo pigmento, creando chiazze di pelle pi\u00f9 chiare. La Micropigmentazione del Cuoio Capelluto potrebbe non funzionare efficacemente per le persone con vitiligine, poich\u00e9 la procedura potrebbe causare una pigmentazione irregolare, soprattutto nelle aree dove la pelle \u00e8 depigmentata. Il risultato potrebbe essere imprevedibile, rendendo la tecnica inadatta a chi soffre di questa condizione.<\/p>\n\n\n\n<h3 class=\"wp-block-heading\">7. Donne in gravidanza e allattamento<\/h3>\n\n\n\n<p>La gravidanza e l&#8217;allattamento sono periodi in cui il corpo della donna subisce notevoli cambiamenti. A causa delle fluttuazioni ormonali e della sensibilit\u00e0 del corpo, la Micropigmentazione del Cuoio Capelluto non \u00e8 raccomandata durante la gravidanza o l&#8217;allattamento. Il rischio di infezioni, reazioni allergiche e altre complicazioni \u00e8 maggiore in questo periodo, ed \u00e8 consigliabile aspettare fino al termine dell&#8217;allattamento prima di considerare la Micropigmentazione.<\/p>\n\n\n\n<figure class=\"wp-block-image aligncenter size-full\"><img loading=\"lazy\" decoding=\"async\" width=\"512\" height=\"512\" src=\"http:\/\/onurakdenizsmp.com\/wp-content\/uploads\/2024\/09\/La-micropigmentazione-dei-capelli-non-e-raccomandata-durante-la-gravidanza-o-lallattamento.png\" alt=\"La micropigmentazione dei capelli non e\u0300 raccomandata durante la gravidanza o l&#039;allattamento\" class=\"wp-image-7918\" title=\"\" srcset=\"https:\/\/onurakdenizsmp.com\/wp-content\/uploads\/2024\/09\/La-micropigmentazione-dei-capelli-non-e-raccomandata-durante-la-gravidanza-o-lallattamento.png 512w, https:\/\/onurakdenizsmp.com\/wp-content\/uploads\/2024\/09\/La-micropigmentazione-dei-capelli-non-e-raccomandata-durante-la-gravidanza-o-lallattamento-300x300.png 300w, https:\/\/onurakdenizsmp.com\/wp-content\/uploads\/2024\/09\/La-micropigmentazione-dei-capelli-non-e-raccomandata-durante-la-gravidanza-o-lallattamento-150x150.png 150w\" sizes=\"auto, (max-width: 512px) 100vw, 512px\" \/><figcaption class=\"wp-element-caption\">La micropigmentazione dei capelli non e\u0300 raccomandata durante la gravidanza o l&#8217;allattamento.<\/figcaption><\/figure>\n\n\n\n<h2 class=\"wp-block-heading\">Conclusione<\/h2>\n\n\n\n<p>La Micropigmentazione del Cuoio Capelluto \u00e8 un trattamento efficace per la perdita di capelli, ma \u00e8 importante comprendere che non tutti sono candidati idonei. Se soffri di una delle condizioni sopra menzionate, \u00e8 fondamentale consultare un professionista della salute prima di considerare la Micropigmentazione del Cuoio Capelluto. La tua salute e sicurezza devono sempre venire prima, e potrebbero esserci trattamenti alternativi pi\u00f9 adatti alla tua situazione specifica.<\/p>\n\n\n\n<p>Se non sei sicuro di essere idoneo per la Micropigmentazione del Cuoio Capelluto, non esitare a consultare un praticante qualificato o il tuo dermatologo per un consiglio personalizzato.<\/p>\n","protected":false},"excerpt":{"rendered":"<p>Persone non idonee per la Micropigmentazione dei Capelli Chi non pu\u00f2 sottoporsi alla Micropigmentazione del Cuoio Capelluto? Persone non idonee per la Micropigmentazione dei Capelli &#8211; La Micropigmentazione del Cuoio Capelluto (SMP) \u00e8 una soluzione popolare per le persone che soffrono di perdita di capelli, ma non tutti sono candidati ideali per questa procedura. Alcune&#8230;<\/p>\n","protected":false},"author":1,"featured_media":7919,"comment_status":"closed","ping_status":"closed","sticky":false,"template":"","format":"standard","meta":{"_kad_blocks_custom_css":"","_kad_blocks_head_custom_js":"","_kad_blocks_body_custom_js":"","_kad_blocks_footer_custom_js":"","_kad_post_transparent":"disable","_kad_post_title":"","_kad_post_layout":"","_kad_post_sidebar_id":"","_kad_post_content_style":"","_kad_post_vertical_padding":"","_kad_post_feature":"","_kad_post_feature_position":"","_kad_post_header":false,"_kad_post_footer":false,"_kad_post_classname":"","footnotes":""},"categories":[212],"tags":[257,255,256,258,137,81,83],"class_list":["post-7843","post","type-post","status-publish","format-standard","has-post-thumbnail","hentry","category-candidati","tag-candidati-per-la-micropigmentazione","tag-candidati-per-la-micropigmentazione-dei-capelli","tag-candidati-per-la-micropigmentazione-del-cuoio-capelluto","tag-candidati-per-smp","tag-micropigmentazione","tag-micropigmentazione-capillare","tag-micropigmentazione-del-cuoio-capelluto"],"taxonomy_info":{"category":[{"value":212,"label":"Candidati"}],"post_tag":[{"value":257,"label":"Candidati per la Micropigmentazione"},{"value":255,"label":"Candidati per la Micropigmentazione dei Capelli"},{"value":256,"label":"Candidati per la Micropigmentazione del Cuoio Capelluto"},{"value":258,"label":"Candidati per SMP"},{"value":137,"label":"Micropigmentazione"},{"value":81,"label":"Micropigmentazione Capillare"},{"value":83,"label":"Micropigmentazione del cuoio capelluto"}]},"featured_image_src_large":["https:\/\/onurakdenizsmp.com\/wp-content\/uploads\/2024\/09\/Immagine-in-evidenza-dellarticolo-22Persone-non-idonee-per-la-Micropigmentazione-dei-Capelli22-di-Onur-Akdeniz-SMP-1024x536.png",1024,536,true],"author_info":{"display_name":"Onur Akdeniz","author_link":"https:\/\/onurakdenizsmp.com\/it\/author\/ghaith-mzayekgmail-com\/"},"comment_info":0,"category_info":[{"term_id":212,"name":"Candidati","slug":"candidati","term_group":0,"term_taxonomy_id":212,"taxonomy":"category","description":"","parent":0,"count":2,"filter":"raw","cat_ID":212,"category_count":2,"category_description":"","cat_name":"Candidati","category_nicename":"candidati","category_parent":0}],"tag_info":[{"term_id":257,"name":"Candidati per la Micropigmentazione","slug":"candidati-per-la-micropigmentazione","term_group":0,"term_taxonomy_id":257,"taxonomy":"post_tag","description":"","parent":0,"count":1,"filter":"raw"},{"term_id":255,"name":"Candidati per la Micropigmentazione dei Capelli","slug":"candidati-per-la-micropigmentazione-dei-capelli","term_group":0,"term_taxonomy_id":255,"taxonomy":"post_tag","description":"","parent":0,"count":1,"filter":"raw"},{"term_id":256,"name":"Candidati per la Micropigmentazione del Cuoio Capelluto","slug":"candidati-per-la-micropigmentazione-del-cuoio-capelluto","term_group":0,"term_taxonomy_id":256,"taxonomy":"post_tag","description":"","parent":0,"count":1,"filter":"raw"},{"term_id":258,"name":"Candidati per SMP","slug":"candidati-per-smp","term_group":0,"term_taxonomy_id":258,"taxonomy":"post_tag","description":"","parent":0,"count":1,"filter":"raw"},{"term_id":137,"name":"Micropigmentazione","slug":"micropigmentazione","term_group":0,"term_taxonomy_id":137,"taxonomy":"post_tag","description":"","parent":0,"count":13,"filter":"raw"},{"term_id":81,"name":"Micropigmentazione Capillare","slug":"micropigmentazione-capillare","term_group":0,"term_taxonomy_id":81,"taxonomy":"post_tag","description":"","parent":0,"count":14,"filter":"raw"},{"term_id":83,"name":"Micropigmentazione del cuoio capelluto","slug":"micropigmentazione-del-cuoio-capelluto","term_group":0,"term_taxonomy_id":83,"taxonomy":"post_tag","description":"","parent":0,"count":14,"filter":"raw"}],"_links":{"self":[{"href":"https:\/\/onurakdenizsmp.com\/it\/wp-json\/wp\/v2\/posts\/7843","targetHints":{"allow":["GET"]}}],"collection":[{"href":"https:\/\/onurakdenizsmp.com\/it\/wp-json\/wp\/v2\/posts"}],"about":[{"href":"https:\/\/onurakdenizsmp.com\/it\/wp-json\/wp\/v2\/types\/post"}],"author":[{"embeddable":true,"href":"https:\/\/onurakdenizsmp.com\/it\/wp-json\/wp\/v2\/users\/1"}],"replies":[{"embeddable":true,"href":"https:\/\/onurakdenizsmp.com\/it\/wp-json\/wp\/v2\/comments?post=7843"}],"version-history":[{"count":0,"href":"https:\/\/onurakdenizsmp.com\/it\/wp-json\/wp\/v2\/posts\/7843\/revisions"}],"wp:featuredmedia":[{"embeddable":true,"href":"https:\/\/onurakdenizsmp.com\/it\/wp-json\/wp\/v2\/media\/7919"}],"wp:attachment":[{"href":"https:\/\/onurakdenizsmp.com\/it\/wp-json\/wp\/v2\/media?parent=7843"}],"wp:term":[{"taxonomy":"category","embeddable":true,"href":"https:\/\/onurakdenizsmp.com\/it\/wp-json\/wp\/v2\/categories?post=7843"},{"taxonomy":"post_tag","embeddable":true,"href":"https:\/\/onurakdenizsmp.com\/it\/wp-json\/wp\/v2\/tags?post=7843"}],"curies":[{"name":"wp","href":"https:\/\/api.w.org\/{rel}","templated":true}]}}