{"id":8487,"date":"2024-10-02T17:26:18","date_gmt":"2024-10-02T14:26:18","guid":{"rendered":"http:\/\/onurakdenizsmp.com\/?p=8487"},"modified":"2024-10-02T17:26:53","modified_gmt":"2024-10-02T14:26:53","slug":"efeitos-colaterais-da-micropigmentacao","status":"publish","type":"post","link":"https:\/\/onurakdenizsmp.com\/pt-br\/efeitos-colaterais-da-micropigmentacao\/","title":{"rendered":"Efeitos Colaterais da Micropigmenta\u00e7\u00e3o"},"content":{"rendered":"\n<h1 class=\"wp-block-heading\">Efeitos Colaterais da Micropigmenta\u00e7\u00e3o<\/h1>\n\n\n\n<h2 class=\"wp-block-heading\">A Micropigmenta\u00e7\u00e3o Tem Efeitos Colaterais?<\/h2>\n\n\n\n<p><strong>Efeitos Colaterais da Micropigmenta\u00e7\u00e3o<\/strong> &#8211; A micropigmenta\u00e7\u00e3o, tamb\u00e9m conhecida como Micropigmenta\u00e7\u00e3o do Couro Cabeludo (SMP), \u00e9 um procedimento cosm\u00e9tico popular que envolve a deposi\u00e7\u00e3o de pequenas part\u00edculas de pigmento no couro cabeludo para imitar a apar\u00eancia dos fol\u00edculos capilares. Embora seja um tratamento seguro e n\u00e3o invasivo, voc\u00ea pode estar se perguntando sobre os <em>efeitos colaterais da micropigmenta\u00e7\u00e3o<\/em>. Este artigo ir\u00e1 explorar se a micropigmenta\u00e7\u00e3o tem efeitos colaterais e o que voc\u00ea pode esperar durante a cicatriza\u00e7\u00e3o.<\/p>\n\n\n\n<figure class=\"wp-block-image aligncenter size-full\"><img loading=\"lazy\" decoding=\"async\" width=\"512\" height=\"512\" src=\"http:\/\/onurakdenizsmp.com\/wp-content\/uploads\/2024\/10\/Escolher-um-artista-certificado-como-Onur-Akdeniz-e-essencial-para-um-procedimento-com-efeitos-colaterais-minimos.png\" alt=\"Escolher um artista certificado como Onur Akdeniz \u00e9 essencial para um procedimento com efeitos colaterais m\u00ednimos.\" class=\"wp-image-8489\" title=\"\" srcset=\"https:\/\/onurakdenizsmp.com\/wp-content\/uploads\/2024\/10\/Escolher-um-artista-certificado-como-Onur-Akdeniz-e-essencial-para-um-procedimento-com-efeitos-colaterais-minimos.png 512w, https:\/\/onurakdenizsmp.com\/wp-content\/uploads\/2024\/10\/Escolher-um-artista-certificado-como-Onur-Akdeniz-e-essencial-para-um-procedimento-com-efeitos-colaterais-minimos-300x300.png 300w, https:\/\/onurakdenizsmp.com\/wp-content\/uploads\/2024\/10\/Escolher-um-artista-certificado-como-Onur-Akdeniz-e-essencial-para-um-procedimento-com-efeitos-colaterais-minimos-150x150.png 150w\" sizes=\"auto, (max-width: 512px) 100vw, 512px\" \/><figcaption class=\"wp-element-caption\">Escolher um artista certificado como Onur Akdeniz \u00e9 essencial para um procedimento com efeitos colaterais m\u00ednimos.<\/figcaption><\/figure>\n\n\n\n<h2 class=\"wp-block-heading\">Compreendendo a Micropigmenta\u00e7\u00e3o<\/h2>\n\n\n\n<p>Antes de discutir os efeitos colaterais da micropigmenta\u00e7\u00e3o, \u00e9 essencial entender como o procedimento funciona. Um t\u00e9cnico treinado como Onur Akdeniz utiliza microagulhas para aplicar o pigmento no couro cabeludo, criando a ilus\u00e3o de uma cabe\u00e7a de cabelo mais cheia. O processo \u00e9 meticuloso e requer alta habilidade para alcan\u00e7ar resultados com apar\u00eancia natural.<\/p>\n\n\n\n<h2 class=\"wp-block-heading\">Efeitos Colaterais Comuns da Micropigmenta\u00e7\u00e3o<\/h2>\n\n\n\n<p>A boa not\u00edcia \u00e9 que a micropigmenta\u00e7\u00e3o \u00e9 geralmente considerada segura, com efeitos colaterais m\u00ednimos. Os <em>efeitos colaterais da micropigmenta\u00e7\u00e3o<\/em> mais comuns incluem:<\/p>\n\n\n\n<h3 class=\"wp-block-heading\">Vermelhid\u00e3o Leve<\/h3>\n\n\n\n<p>\u00c9 normal experimentar uma leve vermelhid\u00e3o na \u00e1rea tratada imediatamente ap\u00f3s o procedimento. Essa vermelhid\u00e3o geralmente desaparece dentro de algumas horas ou, no m\u00e1ximo, at\u00e9 o dia seguinte.<\/p>\n\n\n\n<h3 class=\"wp-block-heading\">Coceira<\/h3>\n\n\n\n<p>\u00c0 medida que o couro cabeludo cicatriza, voc\u00ea pode notar alguma coceira. Evite co\u00e7ar para prevenir qualquer perturba\u00e7\u00e3o do pigmento.<\/p>\n\n\n\n<h4 class=\"wp-block-heading\">Por Que Acontece Vermelhid\u00e3o?<\/h4>\n\n\n\n<p>A vermelhid\u00e3o leve \u00e9 a resposta natural da sua pele ao processo de microagulhamento. As agulhas criam pequenas perfura\u00e7\u00f5es para depositar o pigmento, e os mecanismos de cicatriza\u00e7\u00e3o do seu corpo entram em a\u00e7\u00e3o, resultando em vermelhid\u00e3o. Fique tranquilo. Este \u00e9 um <em>efeito colateral tempor\u00e1rio da micropigmenta\u00e7\u00e3o<\/em> que se resolve rapidamente.<\/p>\n\n\n\n<h2 class=\"wp-block-heading\">Como Minimizar os Efeitos Colaterais<\/h2>\n\n\n\n<p>Para garantir <em>efeitos colaterais m\u00ednimos da micropigmenta\u00e7\u00e3o<\/em>, siga estas dicas e instru\u00e7\u00f5es de cuidados p\u00f3s-procedimento e respeite todas as diretrizes para obter resultados \u00f3timos.<\/p>\n\n\n\n<h2 class=\"wp-block-heading\">Quando Buscar Ajuda Profissional<\/h2>\n\n\n\n<p>Embora os <em>efeitos colaterais da micropigmenta\u00e7\u00e3o<\/em> geralmente sejam leves, se voc\u00ea notar vermelhid\u00e3o prolongada, incha\u00e7o ou quaisquer sinais de infec\u00e7\u00e3o, entre em contato com seu t\u00e9cnico ou um profissional de sa\u00fade imediatamente.<\/p>\n\n\n\n<figure class=\"wp-block-image aligncenter size-full\"><img loading=\"lazy\" decoding=\"async\" width=\"512\" height=\"512\" src=\"http:\/\/onurakdenizsmp.com\/wp-content\/uploads\/2024\/10\/Os-efeitos-colaterais-da-micropigmentacao-sao-muito-poucos-um-deles-e-coceira-no-couro-cabeludo-por-um-curto-periodo.png\" alt=\"Os efeitos colaterais da micropigmenta\u00e7\u00e3o s\u00e3o muito poucos; um deles \u00e9 um couro cabeludo com coceira por um curto per\u00edodo.\" class=\"wp-image-8488\" title=\"\" srcset=\"https:\/\/onurakdenizsmp.com\/wp-content\/uploads\/2024\/10\/Os-efeitos-colaterais-da-micropigmentacao-sao-muito-poucos-um-deles-e-coceira-no-couro-cabeludo-por-um-curto-periodo.png 512w, https:\/\/onurakdenizsmp.com\/wp-content\/uploads\/2024\/10\/Os-efeitos-colaterais-da-micropigmentacao-sao-muito-poucos-um-deles-e-coceira-no-couro-cabeludo-por-um-curto-periodo-300x300.png 300w, https:\/\/onurakdenizsmp.com\/wp-content\/uploads\/2024\/10\/Os-efeitos-colaterais-da-micropigmentacao-sao-muito-poucos-um-deles-e-coceira-no-couro-cabeludo-por-um-curto-periodo-150x150.png 150w\" sizes=\"auto, (max-width: 512px) 100vw, 512px\" \/><figcaption class=\"wp-element-caption\">Os efeitos colaterais da micropigmenta\u00e7\u00e3o s\u00e3o muito poucos; um deles \u00e9 um couro cabeludo com coceira por um curto per\u00edodo.<\/figcaption><\/figure>\n\n\n\n<h2 class=\"wp-block-heading\">Conclus\u00e3o<\/h2>\n\n\n\n<p>Ent\u00e3o, <strong>A Micropigmenta\u00e7\u00e3o Tem Efeitos Colaterais?<\/strong> O principal <em>efeito colateral da micropigmenta\u00e7\u00e3o<\/em> que voc\u00ea pode experimentar \u00e9 uma vermelhid\u00e3o leve, que desaparece dentro de algumas horas a um dia. A micropigmenta\u00e7\u00e3o \u00e9 uma solu\u00e7\u00e3o segura e eficaz para a perda de cabelo, com riscos m\u00ednimos. Se voc\u00ea est\u00e1 considerando este procedimento, consulte um especialista qualificado para discutir suas op\u00e7\u00f5es e o que voc\u00ea pode esperar durante a recupera\u00e7\u00e3o.<\/p>\n","protected":false},"excerpt":{"rendered":"<p>Efeitos Colaterais da Micropigmenta\u00e7\u00e3o A Micropigmenta\u00e7\u00e3o Tem Efeitos Colaterais? Efeitos Colaterais da Micropigmenta\u00e7\u00e3o &#8211; A micropigmenta\u00e7\u00e3o, tamb\u00e9m conhecida como Micropigmenta\u00e7\u00e3o do Couro Cabeludo (SMP), \u00e9 um procedimento cosm\u00e9tico popular que envolve a deposi\u00e7\u00e3o de pequenas part\u00edculas de pigmento no couro cabeludo para imitar a apar\u00eancia dos fol\u00edculos capilares. Embora seja um tratamento seguro e n\u00e3o&#8230;<\/p>\n","protected":false},"author":1,"featured_media":8490,"comment_status":"closed","ping_status":"closed","sticky":false,"template":"","format":"standard","meta":{"_kad_blocks_custom_css":"","_kad_blocks_head_custom_js":"","_kad_blocks_body_custom_js":"","_kad_blocks_footer_custom_js":"","_kad_post_transparent":"disable","_kad_post_title":"","_kad_post_layout":"","_kad_post_sidebar_id":"","_kad_post_content_style":"","_kad_post_vertical_padding":"","_kad_post_feature":"","_kad_post_feature_position":"","_kad_post_header":false,"_kad_post_footer":false,"_kad_post_classname":"","footnotes":""},"categories":[401],"tags":[410,128,88,130,319],"class_list":["post-8487","post","type-post","status-publish","format-standard","has-post-thumbnail","hentry","category-micropigmentacao","tag-efeitos-colaterais-da-micropigmentacao","tag-micropigmentacao","tag-micropigmentacao-capilar","tag-micropigmentacao-do-couro-cabeludo","tag-smp-11"],"taxonomy_info":{"category":[{"value":401,"label":"Micropigmenta\u00e7\u00e3o"}],"post_tag":[{"value":410,"label":"Efeitos Colaterais da Micropigmenta\u00e7\u00e3o"},{"value":128,"label":"Micropigmenta\u00e7\u00e3o"},{"value":88,"label":"Micropigmenta\u00e7\u00e3o Capilar"},{"value":130,"label":"Micropigmenta\u00e7\u00e3o do Couro Cabeludo"},{"value":319,"label":"SMP"}]},"featured_image_src_large":["https:\/\/onurakdenizsmp.com\/wp-content\/uploads\/2024\/10\/A-imagem-em-destaque-do-artigo-Efeitos-colaterais-da-micropigmentacao-por-Onur-Akdeniz-1024x536.png",1024,536,true],"author_info":{"display_name":"Onur Akdeniz","author_link":"https:\/\/onurakdenizsmp.com\/pt-br\/author\/ghaith-mzayekgmail-com\/"},"comment_info":0,"category_info":[{"term_id":401,"name":"Micropigmenta\u00e7\u00e3o","slug":"micropigmentacao","term_group":0,"term_taxonomy_id":401,"taxonomy":"category","description":"","parent":0,"count":7,"filter":"raw","cat_ID":401,"category_count":7,"category_description":"","cat_name":"Micropigmenta\u00e7\u00e3o","category_nicename":"micropigmentacao","category_parent":0}],"tag_info":[{"term_id":410,"name":"Efeitos Colaterais da Micropigmenta\u00e7\u00e3o","slug":"efeitos-colaterais-da-micropigmentacao","term_group":0,"term_taxonomy_id":410,"taxonomy":"post_tag","description":"","parent":0,"count":1,"filter":"raw"},{"term_id":128,"name":"Micropigmenta\u00e7\u00e3o","slug":"micropigmentacao","term_group":0,"term_taxonomy_id":128,"taxonomy":"post_tag","description":"","parent":0,"count":14,"filter":"raw"},{"term_id":88,"name":"Micropigmenta\u00e7\u00e3o Capilar","slug":"micropigmentacao-capilar","term_group":0,"term_taxonomy_id":88,"taxonomy":"post_tag","description":"","parent":0,"count":14,"filter":"raw"},{"term_id":130,"name":"Micropigmenta\u00e7\u00e3o do Couro Cabeludo","slug":"micropigmentacao-do-couro-cabeludo","term_group":0,"term_taxonomy_id":130,"taxonomy":"post_tag","description":"","parent":0,"count":13,"filter":"raw"},{"term_id":319,"name":"SMP","slug":"smp-11","term_group":0,"term_taxonomy_id":319,"taxonomy":"post_tag","description":"","parent":0,"count":9,"filter":"raw"}],"_links":{"self":[{"href":"https:\/\/onurakdenizsmp.com\/pt-br\/wp-json\/wp\/v2\/posts\/8487","targetHints":{"allow":["GET"]}}],"collection":[{"href":"https:\/\/onurakdenizsmp.com\/pt-br\/wp-json\/wp\/v2\/posts"}],"about":[{"href":"https:\/\/onurakdenizsmp.com\/pt-br\/wp-json\/wp\/v2\/types\/post"}],"author":[{"embeddable":true,"href":"https:\/\/onurakdenizsmp.com\/pt-br\/wp-json\/wp\/v2\/users\/1"}],"replies":[{"embeddable":true,"href":"https:\/\/onurakdenizsmp.com\/pt-br\/wp-json\/wp\/v2\/comments?post=8487"}],"version-history":[{"count":0,"href":"https:\/\/onurakdenizsmp.com\/pt-br\/wp-json\/wp\/v2\/posts\/8487\/revisions"}],"wp:featuredmedia":[{"embeddable":true,"href":"https:\/\/onurakdenizsmp.com\/pt-br\/wp-json\/wp\/v2\/media\/8490"}],"wp:attachment":[{"href":"https:\/\/onurakdenizsmp.com\/pt-br\/wp-json\/wp\/v2\/media?parent=8487"}],"wp:term":[{"taxonomy":"category","embeddable":true,"href":"https:\/\/onurakdenizsmp.com\/pt-br\/wp-json\/wp\/v2\/categories?post=8487"},{"taxonomy":"post_tag","embeddable":true,"href":"https:\/\/onurakdenizsmp.com\/pt-br\/wp-json\/wp\/v2\/tags?post=8487"}],"curies":[{"name":"wp","href":"https:\/\/api.w.org\/{rel}","templated":true}]}}